{"id":1472,"date":"2026-04-27T07:00:00","date_gmt":"2026-04-27T13:00:00","guid":{"rendered":"https:\/\/rosconsulting.mx\/auditoria\/?p=1472"},"modified":"2026-04-20T09:56:59","modified_gmt":"2026-04-20T15:56:59","slug":"no-es-falta-de-tiempo-es-falta-de-prioridad-como-recuperar-el-control-de-tu-agenda-con-metodologia","status":"publish","type":"post","link":"https:\/\/rosconsulting.mx\/auditoria\/no-es-falta-de-tiempo-es-falta-de-prioridad-como-recuperar-el-control-de-tu-agenda-con-metodologia\/","title":{"rendered":"No es falta de tiempo: es falta de prioridad \u2014 C\u00f3mo recuperar el control de tu agenda con metodolog\u00eda"},"content":{"rendered":"\n<h3 class=\"wp-block-heading\"><strong>La incomodidad que nadie quiere admitir<\/strong><\/h3>\n\n\n\n<p>Est\u00e1s ocupado. Muy ocupado.<\/p>\n\n\n\n<p>Tu agenda est\u00e1 llena, respondes correos, atiendes reuniones, resuelves problemas\u2026 y, sin embargo, al final del d\u00eda sientes que <strong>no avanzaste en lo realmente importante<\/strong>.<\/p>\n\n\n\n<p>Ahora la pregunta inc\u00f3moda:<\/p>\n\n\n\n<p><strong>\u00bfY si el problema no fuera tu carga de trabajo\u2026 sino la forma en la que decides qu\u00e9 hacer primero?<\/strong><\/p>\n\n\n\n<p>La mayor\u00eda de los ejecutivos cree que administrar el tiempo es hacer m\u00e1s cosas en menos horas. La realidad es otra:<\/p>\n\n\n\n<blockquote class=\"wp-block-quote is-layout-flow wp-block-quote-is-layout-flow\">\n<p><strong><em>\u201cNo se trata de administrar el tiempo, sino de administrar prioridades.\u201d<\/em><\/strong><\/p>\n<\/blockquote>\n\n\n\n<p>Y ah\u00ed es donde la mayor\u00eda falla.<\/p>\n\n\n\n<h3 class=\"wp-block-heading\"><strong>El problema real: productividad sin direcci\u00f3n<\/strong><\/h3>\n\n\n\n<p>Vivimos en una cultura que glorifica la ocupaci\u00f3n, responder r\u00e1pido, estar disponible \u201cno dejar nada pendiente\u201d. Pero ese enfoque tiene un costo invisible:<\/p>\n\n\n\n<ul class=\"wp-block-list\">\n<li>Se privilegia lo urgente sobre lo importante<\/li>\n\n\n\n<li>Se reacciona en lugar de decidir<\/li>\n\n\n\n<li>Se vive en modo operativo, no estrat\u00e9gico<\/li>\n<\/ul>\n\n\n\n<p>En t\u00e9rminos ejecutivos, esto es cr\u00edtico. Porque no est\u00e1s siendo evaluado por cu\u00e1nto haces, sino por <strong>qu\u00e9 resultados generas<\/strong>.<\/p>\n\n\n\n<blockquote class=\"wp-block-quote is-layout-flow wp-block-quote-is-layout-flow\">\n<p><strong><em>\u201cLa actividad constante no es sin\u00f3nimo de progreso. Es, muchas veces, una distracci\u00f3n sofisticada.\u201d<\/em><\/strong><\/p>\n<\/blockquote>\n\n\n\n<h3 class=\"wp-block-heading\"><strong>Primero lo primero: el cambio de paradigma<\/strong><\/h3>\n\n\n\n<p>La metodolog\u00eda de <em>Primero lo Primero<\/em> no es un sistema de agenda, es un sistema de <strong>toma de decisiones estrat\u00e9gicas sobre el tiempo<\/strong>. Su premisa central es simple, pero poderosa:<\/p>\n\n\n\n<blockquote class=\"wp-block-quote is-layout-flow wp-block-quote-is-layout-flow\">\n<p><strong><em>\u201cLo urgente compite. Lo importante construye.\u201d<\/em><\/strong><\/p>\n<\/blockquote>\n\n\n\n<p>La mayor\u00eda vive atrapada en lo urgente. Los l\u00edderes efectivos priorizan lo importante.<\/p>\n\n\n\n<h3 class=\"wp-block-heading\"><strong>El modelo clave: la matriz de prioridades<\/strong><\/h3>\n\n\n\n<p>Covey propone un modelo de cuatro cuadrantes que redefine c\u00f3mo organizas tu tiempo:<\/p>\n\n\n\n<p><strong>Cuadrante 1: Urgente e importante<\/strong><\/p>\n\n\n\n<p>Crisis, problemas inmediatos, deadlines cr\u00edticos.<\/p>\n\n\n\n<p>Ejemplo:<\/p>\n\n\n\n<ul class=\"wp-block-list\">\n<li>Un cliente clave molesto<\/li>\n\n\n\n<li>Una falla operativa<\/li>\n<\/ul>\n\n\n\n<p><strong>Insight: <\/strong>Aqu\u00ed debes actuar. Pero vivir aqu\u00ed es sin\u00f3nimo de desgaste.<\/p>\n\n\n\n<p><strong>Cuadrante 2: Importante pero no urgente<\/strong><\/p>\n\n\n\n<p>Planificaci\u00f3n, estrategia, prevenci\u00f3n, desarrollo personal.<\/p>\n\n\n\n<p>Ejemplo:<\/p>\n\n\n\n<ul class=\"wp-block-list\">\n<li>Definir visi\u00f3n del negocio<\/li>\n\n\n\n<li>Capacitaci\u00f3n del equipo<\/li>\n\n\n\n<li>Innovaci\u00f3n<\/li>\n<\/ul>\n\n\n\n<p><strong>Insight cr\u00edtico:<\/strong>&nbsp;<\/p>\n\n\n\n<blockquote class=\"wp-block-quote is-layout-flow wp-block-quote-is-layout-flow\">\n<p><em>\u201c<\/em><strong><em>Aqu\u00ed es donde se construyen los resultados reales\u2026 pero casi nadie invierte suficiente tiempo.\u201d<\/em><\/strong><\/p>\n<\/blockquote>\n\n\n\n<p><strong>Cuadrante 3: Urgente pero no importante<\/strong><\/p>\n\n\n\n<p>Interrupciones, reuniones innecesarias, demandas de otros.<\/p>\n\n\n\n<p>Ejemplo:<\/p>\n\n\n\n<ul class=\"wp-block-list\">\n<li>Correos no relevantes<\/li>\n\n\n\n<li>Llamadas sin impacto estrat\u00e9gico<\/li>\n<\/ul>\n\n\n\n<p><strong>Insight: <\/strong>Se siente productivo, pero es una ilusi\u00f3n.<\/p>\n\n\n\n<p><strong>Cuadrante 4: Ni urgente ni importante<\/strong><\/p>\n\n\n\n<p>Distracciones puras.<\/p>\n\n\n\n<p>Ejemplo:<\/p>\n\n\n\n<ul class=\"wp-block-list\">\n<li>Scroll sin prop\u00f3sito<\/li>\n\n\n\n<li>Actividades irrelevantes<\/li>\n<\/ul>\n\n\n\n<h3 class=\"wp-block-heading\"><strong>La gran verdad inc\u00f3moda<\/strong><\/h3>\n\n\n\n<p>La mayor\u00eda de los profesionales exitosos no fracasa por falta de capacidad.<\/p>\n\n\n\n<p>Fracasa porque:<\/p>\n\n\n\n<ul class=\"wp-block-list\">\n<li>Reacciona demasiado<\/li>\n\n\n\n<li>Planea muy poco<\/li>\n\n\n\n<li>Prioriza mal<\/li>\n<\/ul>\n\n\n\n<blockquote class=\"wp-block-quote is-layout-flow wp-block-quote-is-layout-flow\">\n<p><strong><em>\u201cTu agenda es el reflejo de tus decisiones, no de tus intenciones.\u201d<\/em><\/strong><\/p>\n<\/blockquote>\n\n\n\n<h3 class=\"wp-block-heading\"><strong>Por qu\u00e9 el cuadrante 2 es tu ventaja competitiva<\/strong><\/h3>\n\n\n\n<p>En un entorno empresarial competitivo, el cuadrante 2 es el diferenciador.<\/p>\n\n\n\n<p>Porque ah\u00ed ocurre:<\/p>\n\n\n\n<ul class=\"wp-block-list\">\n<li>La prevenci\u00f3n de problemas<\/li>\n\n\n\n<li>La construcci\u00f3n de sistemas<\/li>\n\n\n\n<li>El desarrollo de talento<\/li>\n\n\n\n<li>La toma de decisiones estrat\u00e9gicas<\/li>\n<\/ul>\n\n\n\n<p>Ejemplo real: Un director comercial que invierte tiempo en:<\/p>\n\n\n\n<ul class=\"wp-block-list\">\n<li>Capacitar a su equipo<\/li>\n\n\n\n<li>Optimizar procesos<\/li>\n\n\n\n<li>Analizar datos<\/li>\n<\/ul>\n\n\n\n<p>Vs. otro que solo responde incendios diarios. Despu\u00e9s de 6 meses, el resultado es evidente, uno construy\u00f3 estructura y el otro solo sobrevivi\u00f3.<\/p>\n\n\n\n<h3 class=\"wp-block-heading\"><strong>El error m\u00e1s com\u00fan en productividad ejecutiva<\/strong><\/h3>\n\n\n\n<p>Creer que ser productivo es <strong>llenar la agenda<\/strong>. La realidad:<\/p>\n\n\n\n<blockquote class=\"wp-block-quote is-layout-flow wp-block-quote-is-layout-flow\">\n<p><strong><em>\u201cSer productivo es proteger tu tiempo de lo irrelevante.\u201d<\/em><\/strong><\/p>\n<\/blockquote>\n\n\n\n<p>Esto implica tomar decisiones inc\u00f3modas:<\/p>\n\n\n\n<ul class=\"wp-block-list\">\n<li>Decir no<\/li>\n\n\n\n<li>Delegar<\/li>\n\n\n\n<li>Eliminar actividades<\/li>\n<\/ul>\n\n\n\n<h3 class=\"wp-block-heading\"><strong>C\u00f3mo aplicar \u201cPrimero lo Primero\u201d en la pr\u00e1ctica<\/strong><\/h3>\n\n\n\n<p><strong>1. Define qu\u00e9 es realmente importante<\/strong><\/p>\n\n\n\n<p>Antes de planear tu semana, responde:<\/p>\n\n\n\n<ul class=\"wp-block-list\">\n<li>\u00bfQu\u00e9 resultados definen mi \u00e9xito?<\/li>\n\n\n\n<li>\u00bfQu\u00e9 actividades generan mayor impacto?<\/li>\n<\/ul>\n\n\n\n<p>Ejemplo: No es lo mismo \u201ctrabajar en ventas\u201d que: \u2192 \u201cCerrar 3 clientes estrat\u00e9gicos\u201d<\/p>\n\n\n\n<p><strong>2. Planifica desde el cuadrante 2<\/strong><\/p>\n\n\n\n<p>Bloquea tiempo para:<\/p>\n\n\n\n<ul class=\"wp-block-list\">\n<li>Pensar<\/li>\n\n\n\n<li>Dise\u00f1ar<\/li>\n\n\n\n<li>mejorar<\/li>\n<\/ul>\n\n\n\n<p>Ejemplo pr\u00e1ctico: Un Director bloquea 90 minutos diarios sin interrupciones para estrategia. Resultado: Mejor toma de decisiones + menos crisis.<\/p>\n\n\n\n<p><strong>3. Redise\u00f1a tu semana, no solo tu d\u00eda<\/strong><\/p>\n\n\n\n<p>La mayor\u00eda planifica el d\u00eda. Los l\u00edderes planifican la semana.<\/p>\n\n\n\n<p>Porque:<\/p>\n\n\n\n<ul class=\"wp-block-list\">\n<li>Permite visi\u00f3n global<\/li>\n\n\n\n<li>Evita saturaci\u00f3n reactiva<\/li>\n\n\n\n<li>Da espacio a lo importante<\/li>\n<\/ul>\n\n\n\n<p><strong>4. Aprende a filtrar lo urgente<\/strong><\/p>\n\n\n\n<p>No todo lo urgente es relevante. Pregunta clave: \u00bfEsto requiere mi atenci\u00f3n o solo mi supervisi\u00f3n?<\/p>\n\n\n\n<p>Ejemplo: Un problema operativo puede resolverse sin escalar.<\/p>\n\n\n\n<p><strong>5. Implementa bloques de alto rendimiento<\/strong><\/p>\n\n\n\n<p>Trabaja en bloques de enfoque profundo (60\u201390 minutos).<\/p>\n\n\n\n<p>Sin:<\/p>\n\n\n\n<ul class=\"wp-block-list\">\n<li>Notificaciones<\/li>\n\n\n\n<li>Interrupciones<\/li>\n\n\n\n<li>Multitarea<\/li>\n<\/ul>\n\n\n\n<blockquote class=\"wp-block-quote is-layout-flow wp-block-quote-is-layout-flow\">\n<p><strong><em>\u201cLa calidad del tiempo es m\u00e1s importante que la cantidad.\u201d<\/em><\/strong><\/p>\n<\/blockquote>\n\n\n\n<h3 class=\"wp-block-heading\"><br><strong>Contraste clave: lo que la mayor\u00eda cree vs la realidad<\/strong><\/h3>\n\n\n\n<figure class=\"wp-block-table\"><table class=\"has-fixed-layout\"><tbody><tr><td><strong>Creencia com\u00fan<\/strong><\/td><td><strong>Realidad estrat\u00e9gica<\/strong><\/td><\/tr><tr><td>\u201cNo tengo tiempo\u201d<\/td><td>No has definido prioridades claras<\/td><\/tr><tr><td>\u201cTengo que hacer todo\u201d<\/td><td>Debes decidir qu\u00e9 no hacer<\/td><\/tr><tr><td>\u201cLo urgente es lo importante\u201d<\/td><td>Lo urgente suele desplazar lo importante<\/td><\/tr><tr><td>\u201cSer productivo es hacer m\u00e1s\u201d<\/td><td>Ser productivo es hacer mejor<\/td><\/tr><\/tbody><\/table><\/figure>\n\n\n\n<h3 class=\"wp-block-heading\"><strong>Insights clave (acci\u00f3n inmediata)<\/strong><\/h3>\n\n\n\n<ul class=\"wp-block-list\">\n<li><strong>Tu agenda debe reflejar tus objetivos, no tus pendientes<\/strong><\/li>\n\n\n\n<li><strong>Si no planificas lo importante, lo urgente lo reemplazar\u00e1<\/strong><\/li>\n\n\n\n<li><strong>Delegar no es perder control, es ganar enfoque<\/strong><\/li>\n\n\n\n<li><strong>El tiempo estrat\u00e9gico no se encuentra, se dise\u00f1a<\/strong><\/li>\n\n\n\n<li><strong>Decir \u201cno\u201d es una habilidad ejecutiva, no una limitaci\u00f3n<\/strong><\/li>\n<\/ul>\n\n\n\n<h3 class=\"wp-block-heading\"><strong>El verdadero control del tiempo<\/strong><\/h3>\n\n\n\n<p>Administrar el tiempo no es una cuesti\u00f3n de herramientas. Es una cuesti\u00f3n de criterio, porque al final:<\/p>\n\n\n\n<blockquote class=\"wp-block-quote is-layout-flow wp-block-quote-is-layout-flow\">\n<p><strong><em>\u201cNo gestionas horas. Gestionas decisiones.\u201d<\/em><\/strong><\/p>\n<\/blockquote>\n\n\n\n<p>Y esas decisiones determinan:<\/p>\n\n\n\n<ul class=\"wp-block-list\">\n<li>Tu impacto<\/li>\n\n\n\n<li>Tu crecimiento<\/li>\n\n\n\n<li>Tu nivel de liderazgo<\/li>\n<\/ul>\n\n\n\n<h3 class=\"wp-block-heading\"><strong>Del caos operativo a la claridad ejecutiva<\/strong><\/h3>\n\n\n\n<p>Las organizaciones no colapsan por falta de talento. Colapsan por falta de enfoque y el enfoque no surge solo, se construye intencionalmente. La metodolog\u00eda de <em>Primero lo Primero<\/em> no es solo productividad es <strong>una filosof\u00eda de liderazgo<\/strong> que te obliga a preguntarte todos los d\u00edas:<\/p>\n\n\n\n<p><strong>\u00bfEstoy reaccionando\u2026 o estoy construyendo?<\/strong><\/p>\n\n\n\n<h3 class=\"wp-block-heading\"><strong>Este es el momento<\/strong><\/h3>\n\n\n\n<p>Haz este ejercicio ahora:<\/p>\n\n\n\n<ol class=\"wp-block-list\">\n<li>Toma tu agenda de la pr\u00f3xima semana<\/li>\n\n\n\n<li>Identifica qu\u00e9 pertenece al cuadrante 2<\/li>\n\n\n\n<li>Bloquea tiempo para esas actividades (antes que cualquier otra cosa)<\/li>\n<\/ol>\n\n\n\n<p>Observa lo que sucede porque el cambio no ocurre cuando tienes m\u00e1s tiempo, ocurre cuando decides usarlo mejor.<\/p>\n\n\n\n<p><\/p>\n\n\n\n<p>En ROS &amp; Associates tenemos cursos y talleres sobre distintas metodolog\u00eda de administraci\u00f3n del tiempo, basadas en prioridades y sistemas efectivos para gestionar eventos, \u00a1ll\u00e1manos!<\/p>\n","protected":false},"excerpt":{"rendered":"<p>La incomodidad que nadie quiere admitir Est\u00e1s ocupado. Muy ocupado. Tu agenda est\u00e1 llena, respondes correos, atiendes reuniones, resuelves problemas\u2026 y, sin embargo, al final [&hellip;]<\/p>\n","protected":false},"author":21,"featured_media":1473,"comment_status":"open","ping_status":"open","sticky":false,"template":"","format":"standard","meta":{"footnotes":""},"categories":[175],"tags":[37,24,16,28,152,46],"class_list":["post-1472","post","type-post","status-publish","format-standard","has-post-thumbnail","hentry","category-administracion-del-tiempo","tag-empresa","tag-gestion","tag-microempresa","tag-planeacion","tag-tiempo","tag-toma-de-decisiones"],"_links":{"self":[{"href":"https:\/\/rosconsulting.mx\/auditoria\/wp-json\/wp\/v2\/posts\/1472","targetHints":{"allow":["GET"]}}],"collection":[{"href":"https:\/\/rosconsulting.mx\/auditoria\/wp-json\/wp\/v2\/posts"}],"about":[{"href":"https:\/\/rosconsulting.mx\/auditoria\/wp-json\/wp\/v2\/types\/post"}],"author":[{"embeddable":true,"href":"https:\/\/rosconsulting.mx\/auditoria\/wp-json\/wp\/v2\/users\/21"}],"replies":[{"embeddable":true,"href":"https:\/\/rosconsulting.mx\/auditoria\/wp-json\/wp\/v2\/comments?post=1472"}],"version-history":[{"count":1,"href":"https:\/\/rosconsulting.mx\/auditoria\/wp-json\/wp\/v2\/posts\/1472\/revisions"}],"predecessor-version":[{"id":1474,"href":"https:\/\/rosconsulting.mx\/auditoria\/wp-json\/wp\/v2\/posts\/1472\/revisions\/1474"}],"wp:featuredmedia":[{"embeddable":true,"href":"https:\/\/rosconsulting.mx\/auditoria\/wp-json\/wp\/v2\/media\/1473"}],"wp:attachment":[{"href":"https:\/\/rosconsulting.mx\/auditoria\/wp-json\/wp\/v2\/media?parent=1472"}],"wp:term":[{"taxonomy":"category","embeddable":true,"href":"https:\/\/rosconsulting.mx\/auditoria\/wp-json\/wp\/v2\/categories?post=1472"},{"taxonomy":"post_tag","embeddable":true,"href":"https:\/\/rosconsulting.mx\/auditoria\/wp-json\/wp\/v2\/tags?post=1472"}],"curies":[{"name":"wp","href":"https:\/\/api.w.org\/{rel}","templated":true}]}}